{"id":41140,"date":"2026-08-20T12:33:45","date_gmt":"2026-08-20T10:33:45","guid":{"rendered":"https:\/\/califavejer.com\/things-to-do-in-vejer-from-20-to-27-august-2026\/"},"modified":"2026-08-20T13:02:18","modified_gmt":"2026-08-20T11:02:18","slug":"things-to-do-in-vejer-from-20-to-27-august-2026","status":"publish","type":"post","link":"https:\/\/califavejer.com\/en\/things-to-do-in-vejer-from-20-to-27-august-2026\/","title":{"rendered":"Things to do in Vejer from 20 to 27 August 2026"},"content":{"rendered":"\t\t<div data-elementor-type=\"wp-post\" data-elementor-id=\"41140\" class=\"elementor elementor-41140 elementor-41100\" data-elementor-post-type=\"post\">\n\t\t\t\t<div class=\"elementor-element elementor-element-2b33db2f e-flex e-con-boxed e-con e-parent\" data-id=\"2b33db2f\" data-element_type=\"container\" data-e-type=\"container\">\n\t\t\t\t\t<div class=\"e-con-inner\">\n\t\t\t\t<div class=\"elementor-element elementor-element-1b287c24 elementor-widget elementor-widget-text-editor\" data-id=\"1b287c24\" data-element_type=\"widget\" data-e-type=\"widget\" data-widget_type=\"text-editor.default\">\n\t\t\t\t<div class=\"elementor-widget-container\">\n\t\t\t\t\t\t\t\t\t<p>Vejer heads into the final week of August with a packed programme of music, flamenco, art, cultural tours and activities that showcase its surroundings.<\/p>\n<p>The closing days of the patron saint festivities, the 53rd Noche Flamenca, concerts in Plaza de Espa\u00f1a and activities at the Montenmedio Contemporary Foundation take centre stage over the coming days.<\/p>\n<p>Here are some of the highlights from 20 to 27 August 2026.<\/p>\n<h4><strong>Thursday 20 August<\/strong><\/h4>\n<p>The day begins with the traditional <strong>street market<\/strong> on Calle El Chorrillo, from 9:00 to 14:00. At 10:30, the <a href=\"https:\/\/fundacionnmac.org\/es\/\">Montenmedio Contemporary Foundation<\/a> will host a guided tour of its sculpture park. The activity costs 20 euros and advance booking is required.<\/p>\n<figure id=\"attachment_41127\" aria-describedby=\"caption-attachment-41127\" style=\"width: 600px\" class=\"wp-caption aligncenter\"><img fetchpriority=\"high\" decoding=\"async\" class=\"wp-image-41126 size-large\" src=\"https:\/\/califavejer.com\/wp-content\/uploads\/2026\/08\/Montenmedio1-684x1024.jpg\" alt=\"Sculpture park at the Montenmedio Contemporary Foundation\" width=\"684\" height=\"1024\" srcset=\"https:\/\/califavejer.com\/wp-content\/uploads\/2026\/08\/Montenmedio1-684x1024.jpg 684w, https:\/\/califavejer.com\/wp-content\/uploads\/2026\/08\/Montenmedio1-200x300.jpg 200w, https:\/\/califavejer.com\/wp-content\/uploads\/2026\/08\/Montenmedio1-768x1150.jpg 768w, https:\/\/califavejer.com\/wp-content\/uploads\/2026\/08\/Montenmedio1-1026x1536.jpg 1026w, https:\/\/califavejer.com\/wp-content\/uploads\/2026\/08\/Montenmedio1-1368x2048.jpg 1368w, https:\/\/califavejer.com\/wp-content\/uploads\/2026\/08\/Montenmedio1-scaled.jpg 1710w\" sizes=\"(max-width: 684px) 100vw, 684px\" \/><figcaption id=\"caption-attachment-41127\" class=\"wp-caption-text\">Contemporary art surrounded by nature.<\/figcaption><\/figure>\n<p>At sunset, live music comes to <strong>El Palmar<\/strong>, with Mirrorball at El Pico de la Ola and Denis de Son at N\u00f3mada Playa.<\/p>\n<p>Later in the evening, <strong>Nano de Marbella<\/strong> will perform at Caragato Taberna Flamenca at 21:30. Plaza de Espa\u00f1a will host <strong>Carnival Night<\/strong> with \u201cDSAS3\u201d by Jes\u00fas Bienvenido, winner of first prize at COAC 2026, at 23:00. The evening will continue with <strong>David Moreno DJ<\/strong> at 00:30.<\/p>\n<p>There will also be a concert by <strong>Surrenders<\/strong> at 4 Tapas Vejer at 23:30.<\/p>\n<h4><strong>Friday 21 August<\/strong><\/h4>\n<p><strong>Los Sab\u00e1ticos<\/strong> will perform at El Pico de la Ola and <strong>Carmen Mart\u00edn<\/strong> at N\u00f3mada Playa, both at sunset.<\/p>\n<p>At 22:00, a <strong>flamenco show<\/strong> will take place at the Centro Cultural Municipal Antigua Iglesia del Rosario, featuring Antonio Garc\u00eda on vocals, Ver\u00f3nica Melero and Camila Guimarey dancing, and Eloy Gonz\u00e1lez on guitar. Admission is free.<\/p>\n<p>From 23:00, Plaza de Espa\u00f1a will welcome <strong>La Contrabanda and DJ Ciles.<\/strong><\/p>\n<h4><strong>Saturday 22 August<\/strong><\/h4>\n<p>Saturday offers several ways to start the day surrounded by art and nature. At 10:00, a yoga session will be held at the<a href=\"https:\/\/fundacionnmac.org\/es\/\"><strong> Montenmedio Contemporary Foundation<\/strong><\/a>, priced at 10 euros. At 10:30, the \u201cCambiar la mirada\u201d workshop will begin, also at the Foundation.<\/p>\n<p>From 10:00 to 14:00, visitors can join <strong>a guided tour of the Torre del Tajo<\/strong> in La Bre\u00f1a y Marismas del Barbate Natural Park. The price is 2.50 euros.<\/p>\n<p>The music begins at 16:00 with Fran Casillas at <strong>N\u00f3mada Playa<\/strong>. At sunset, the same venue will host a concert by Son de Bares.<\/p>\n<p>The Montenmedio Contemporary Foundation will also offer a visit to <strong>James Turrell\u2019s light sequence<\/strong> at dusk. The experience costs 30 euros per person, requires a minimum group of four and is not recommended for children under 12.<\/p>\n<figure id=\"attachment_41111\" aria-describedby=\"caption-attachment-41111\" style=\"width: 600px\" class=\"wp-caption aligncenter\"><img decoding=\"async\" class=\"wp-image-41110 size-full\" src=\"https:\/\/califavejer.com\/wp-content\/uploads\/2026\/08\/IMG_7131.jpg\" alt=\"James Turrell light sequence at Montenmedio\" width=\"600\" height=\"640\" \/><figcaption id=\"caption-attachment-41111\" class=\"wp-caption-text\">James Turrell\u2019s light sequence.<\/figcaption><\/figure>\n<p>One of the week\u2019s main events will be the <strong>53rd Noche Flamenca de Vejer<\/strong>, recognised as an Event of National Tourist Interest in Andalusia. It will begin at 22:30 at the Murallas de la Segur. Tickets are available from Tickentradas and at the Complejo Deportivo Municipal, from 11:30 to 13:30.<\/p>\n<figure id=\"attachment_41106\" aria-describedby=\"caption-attachment-41106\" style=\"width: 600px\" class=\"wp-caption aligncenter\"><img decoding=\"async\" class=\"wp-image-41105 size-large\" src=\"https:\/\/califavejer.com\/wp-content\/uploads\/2026\/08\/noche-flamenca-vejer-cartel-723x1024.jpeg\" alt=\"Poster for the 53rd Noche Flamenca de Vejer\" width=\"723\" height=\"1024\" srcset=\"https:\/\/califavejer.com\/wp-content\/uploads\/2026\/08\/noche-flamenca-vejer-cartel-723x1024.jpeg 723w, https:\/\/califavejer.com\/wp-content\/uploads\/2026\/08\/noche-flamenca-vejer-cartel-212x300.jpeg 212w, https:\/\/califavejer.com\/wp-content\/uploads\/2026\/08\/noche-flamenca-vejer-cartel-768x1088.jpeg 768w, https:\/\/califavejer.com\/wp-content\/uploads\/2026\/08\/noche-flamenca-vejer-cartel-1085x1536.jpeg 1085w, https:\/\/califavejer.com\/wp-content\/uploads\/2026\/08\/noche-flamenca-vejer-cartel.jpeg 1305w\" sizes=\"(max-width: 723px) 100vw, 723px\" \/><figcaption id=\"caption-attachment-41106\" class=\"wp-caption-text\">Poster for the 53rd Noche Flamenca de Vejer.<\/figcaption><\/figure>\n<p>The evening will continue in Plaza de Espa\u00f1a with<strong> Superagente 86 and DJ Angelo<\/strong> from 23:30.<\/p>\n<h4><strong>Sunday 23 August<\/strong><\/h4>\n<p>The guided tour of the <strong>Torre del Tajo<\/strong> will be available again on Sunday, from 10:00 to 14:00.<\/p>\n<p>In <strong>El Palmar,<\/strong> DJ La Armas will perform at N\u00f3mada Playa at 16:00. At sunset, Milenials will take to the stage at El Pico de la Ola, while Mois\u00e9s Losada will perform at N\u00f3mada Playa.<\/p>\n<p>There will also be another opportunity to experience James Turrell\u2019s light sequence at the Montenmedio Contemporary Foundation.<\/p>\n<p>At 23:00, Dinosaurios Rock Cover Band will round off the day\u2019s live music in Plaza de Espa\u00f1a.<\/p>\n<h4><strong>Monday 24 August<\/strong><\/h4>\n<p>At 17:00, the statue of Nuestra Se\u00f1ora de la Oliva will be taken from the Divino Salvador church to its sanctuary.<\/p>\n<figure id=\"attachment_41113\" aria-describedby=\"caption-attachment-41113\" style=\"width: 600px\" class=\"wp-caption aligncenter\"><img loading=\"lazy\" decoding=\"async\" class=\"wp-image-41112 size-large\" src=\"https:\/\/califavejer.com\/wp-content\/uploads\/2026\/08\/WhatsApp-Image-2026-08-13-at-12.52.34-768x1024.jpeg\" alt=\"Nuestra Se\u00f1ora de la Oliva in Vejer\" width=\"768\" height=\"1024\" srcset=\"https:\/\/califavejer.com\/wp-content\/uploads\/2026\/08\/WhatsApp-Image-2026-08-13-at-12.52.34-768x1024.jpeg 768w, https:\/\/califavejer.com\/wp-content\/uploads\/2026\/08\/WhatsApp-Image-2026-08-13-at-12.52.34-225x300.jpeg 225w, https:\/\/califavejer.com\/wp-content\/uploads\/2026\/08\/WhatsApp-Image-2026-08-13-at-12.52.34-1152x1536.jpeg 1152w, https:\/\/califavejer.com\/wp-content\/uploads\/2026\/08\/WhatsApp-Image-2026-08-13-at-12.52.34.jpeg 1200w\" sizes=\"(max-width: 768px) 100vw, 768px\" \/><figcaption id=\"caption-attachment-41113\" class=\"wp-caption-text\">Nuestra Se\u00f1ora de la Oliva during Vejer\u2019s patron saint festivities.<\/figcaption><\/figure>\n<p>In the evening, Plaza de Espa\u00f1a will host a concert by Malahora and a set by David Moreno DJ from 23:00.<\/p>\n<h4><strong>Tuesday 25 August<\/strong><\/h4>\n<p>The Pe\u00f1a Cultural Flamenca, located on Calle Rosario, will host a flamenco gathering from 20:00.<\/p>\n<p>It will also be the final day to visit the exhibition \u201cEse preciso instante\u201d by Juan Qui\u00f1ones Grimaldi at Vejer\u2019s Museum of History and Archaeology.<\/p>\n<figure id=\"attachment_41115\" aria-describedby=\"caption-attachment-41115\" style=\"width: 600px\" class=\"wp-caption aligncenter\"><img loading=\"lazy\" decoding=\"async\" class=\"wp-image-41114 size-full\" src=\"https:\/\/califavejer.com\/wp-content\/uploads\/2026\/08\/52979989_2723780337637486_5484173586266587136_n.jpg.webp\" alt=\"Ese preciso instante exhibition by Juan Qui\u00f1ones Grimaldi\" width=\"640\" height=\"960\" srcset=\"https:\/\/califavejer.com\/wp-content\/uploads\/2026\/08\/52979989_2723780337637486_5484173586266587136_n.jpg.webp 640w, https:\/\/califavejer.com\/wp-content\/uploads\/2026\/08\/52979989_2723780337637486_5484173586266587136_n.jpg-200x300.webp 200w\" sizes=\"(max-width: 640px) 100vw, 640px\" \/><figcaption id=\"caption-attachment-41115\" class=\"wp-caption-text\">Vejer Museum of History and Archaeology.<\/figcaption><\/figure>\n<h4><strong>Wednesday 26 August<\/strong><\/h4>\n<p>Wednesday is an ideal opportunity to discover Vejer\u2019s historic quarter on one of the guided tours exploring its streets, walls, monuments and legends.<\/p>\n<h4><strong>Thursday 27 August<\/strong><\/h4>\n<p>The street market returns to Calle El Chorrillo from 9:00 to 14:00.<\/p>\n<p>At 10:30, the Montenmedio Contemporary Foundation will host \u201cDesayunos con arte\u201d, an activity combining food and culture. It costs 20 euros and advance booking is required.<\/p>\n<p>At 21:30, Nano de Marbella will give another flamenco performance at Caragato Taberna Flamenca.<\/p>\n<h4><strong>Guided tours of Vejer<\/strong><\/h4>\n<p>Several tours of the historic quarter will be available throughout the week:<\/p>\n<p><strong>Vejer FreeTours<\/strong>: every day at 10:30 and 19:00, departing from La Plazuela. Advance booking is required by calling 617 852 016 or emailing [fotojjmoreno@gmail.com]<\/p>\n<p><strong>\u201cUn paseo por Vejer\u201d, by Vejer Tour:<\/strong> tours departing from Los Remedios park, next to the Tourist Information Office. Times vary depending on the day. For information and bookings, call 636 852 233 or 627 657 883, or email [info@vejertour.com](mailto:info@vejertour.com).<\/p>\n<p><strong>\u201cLa noche oscura de Vejer\u201d, by Marimantas Vejer<\/strong>: a guided tour with live singing every day at 21:00, departing from Plaza de Espa\u00f1a. The standard price is 12 euros and advance booking is required by calling 630 711 145 or visiting marimantasvejer.com.<\/p>\n<figure id=\"attachment_41117\" aria-describedby=\"caption-attachment-41117\" style=\"width: 600px\" class=\"wp-caption aligncenter\"><img loading=\"lazy\" decoding=\"async\" class=\"wp-image-41116 size-large\" src=\"https:\/\/califavejer.com\/wp-content\/uploads\/2026\/08\/marimantas_2-768x1024.jpeg\" alt=\"Guided musical tour by Marimantas Vejer\" width=\"768\" height=\"1024\" srcset=\"https:\/\/califavejer.com\/wp-content\/uploads\/2026\/08\/marimantas_2-768x1024.jpeg 768w, https:\/\/califavejer.com\/wp-content\/uploads\/2026\/08\/marimantas_2-225x300.jpeg 225w, https:\/\/califavejer.com\/wp-content\/uploads\/2026\/08\/marimantas_2-1152x1536.jpeg 1152w, https:\/\/califavejer.com\/wp-content\/uploads\/2026\/08\/marimantas_2.jpeg 1200w\" sizes=\"(max-width: 768px) 100vw, 768px\" \/><figcaption id=\"caption-attachment-41117\" class=\"wp-caption-text\">Marimantas Vejer offers guided musical tours of the historic quarter.<\/figcaption><\/figure>\n<h4><strong>Exhibitions in Vejer<\/strong><\/h4>\n<p>The cultural programme also includes several exhibitions:<\/p>\n<ul>\n<li>\u201cEse preciso instante\u201d, by Juan Qui\u00f1ones Grimaldi, until 25 August.<\/li>\n<li>\u201cLa misma orilla, dos tiempos\u201d, by Carlos Monta\u00f1o and Mar\u00eda Ponce, until 30 August.<\/li>\n<li>\u201cEntorno\u201d, by Juan Manuel Basallote and Antonio Larrubia, until 31 August.<\/li>\n<li>\u201cFlamencas ilustradas\u201d, by Isa de la Calle and Susana Subirana, until 31 August.<\/li>\n<li>\u201cMarinas urbanas III\u201d, by Nando Caravaca, until 30 August.<\/li>\n<\/ul>\n<p><\/p>\n<h4><strong>Enjoy Vejer during the final week of August<\/strong><\/h4>\n<p>Live music, flamenco, contemporary art, cultural tours and outdoor activities make up a varied programme with something for everyone.<\/p>\n<p>In between activities, you can also discover the cuisine of <a href=\"http:\/\/www.califavejer.com\">Grupo Califa<\/a>, enjoy the views from <a href=\"https:\/\/califavejer.com\/en\/la-teteria-del-califa\/\">La Teter\u00eda del Califa<\/a> or complete your experience with a wellness circuit at <a href=\"https:\/\/www.hammamvejer.com\">Hammam Vejer<\/a>.<\/p>\n<figure id=\"attachment_41119\" aria-describedby=\"caption-attachment-41119\" style=\"width: 600px\" class=\"wp-caption aligncenter\"><img loading=\"lazy\" decoding=\"async\" class=\"wp-image-41118 size-large\" src=\"https:\/\/califavejer.com\/wp-content\/uploads\/2026\/08\/Cocte_Mimoso_Teteria5-684x1024.jpg\" alt=\"Mimoso cocktail at La Teter\u00eda del Califa\" width=\"684\" height=\"1024\" srcset=\"https:\/\/califavejer.com\/wp-content\/uploads\/2026\/08\/Cocte_Mimoso_Teteria5-684x1024.jpg 684w, https:\/\/califavejer.com\/wp-content\/uploads\/2026\/08\/Cocte_Mimoso_Teteria5-200x300.jpg 200w, https:\/\/califavejer.com\/wp-content\/uploads\/2026\/08\/Cocte_Mimoso_Teteria5-768x1150.jpg 768w, https:\/\/califavejer.com\/wp-content\/uploads\/2026\/08\/Cocte_Mimoso_Teteria5-1026x1536.jpg 1026w, https:\/\/califavejer.com\/wp-content\/uploads\/2026\/08\/Cocte_Mimoso_Teteria5.jpg 1368w\" sizes=\"(max-width: 684px) 100vw, 684px\" \/><figcaption id=\"caption-attachment-41119\" class=\"wp-caption-text\">The terrace at La Teter\u00eda del Califa.<\/figcaption><\/figure>\n<p>Times and activities may be subject to change. <em>We recommend confirming the details in advance and booking any activities where advance reservations are required.<\/em><\/p>\n\t\t\t\t\t\t\t\t<\/div>\n\t\t\t\t<\/div>\n\t\t<div class=\"elementor-element elementor-element-16d56df e-con-full e-flex e-con e-child\" data-id=\"16d56df\" data-element_type=\"container\" data-e-type=\"container\">\n\t\t\t\t<div class=\"elementor-element elementor-element-a9daa3a elementor-align-center elementor-widget elementor-widget-button\" data-id=\"a9daa3a\" data-element_type=\"widget\" data-e-type=\"widget\" data-widget_type=\"button.default\">\n\t\t\t\t<div class=\"elementor-widget-container\">\n\t\t\t\t\t\t\t\t\t<div class=\"elementor-button-wrapper\">\n\t\t\t\t\t<a class=\"elementor-button elementor-button-link elementor-size-sm\" href=\"https:\/\/turismovejer.es\/wp-content\/uploads\/2026\/08\/From-20th-to-the-27th-August-2026.pdf\">\n\t\t\t\t\t\t<span class=\"elementor-button-content-wrapper\">\n\t\t\t\t\t\t\t\t\t<span class=\"elementor-button-text\">Download the programme<\/span>\n\t\t\t\t\t<\/span>\n\t\t\t\t\t<\/a>\n\t\t\t\t<\/div>\n\t\t\t\t\t\t\t\t<\/div>\n\t\t\t\t<\/div>\n\t\t\t\t<\/div>\n\t\t\t\t\t<\/div>\n\t\t\t\t<\/div>\n\t\t<div class=\"elementor-element elementor-element-f0d906f e-flex e-con-boxed e-con e-parent\" data-id=\"f0d906f\" data-element_type=\"container\" data-e-type=\"container\">\n\t\t\t\t\t<div class=\"e-con-inner\">\n\t\t<div class=\"elementor-element elementor-element-65840fd e-con-full e-flex e-con e-child\" data-id=\"65840fd\" data-element_type=\"container\" data-e-type=\"container\">\n\t\t\t\t<\/div>\n\t\t\t\t\t<\/div>\n\t\t\t\t<\/div>\n\t\t\t\t<\/div>\n\t\t","protected":false},"excerpt":{"rendered":"<p>Discover what\u2019s on in Vejer from 20 to 27 August 2026: concerts, flamenco, exhibitions, activities at Montenmedio and guided tours.<\/p>\n","protected":false},"author":10,"featured_media":41121,"comment_status":"open","ping_status":"open","sticky":false,"template":"","format":"standard","meta":{"footnotes":""},"categories":[441],"tags":[],"class_list":["post-41140","post","type-post","status-publish","format-standard","has-post-thumbnail","hentry","category-whats-on"],"yoast_head":"<!-- This site is optimized with the Yoast SEO plugin v26.8 - https:\/\/yoast.com\/product\/yoast-seo-wordpress\/ -->\n<title>Things to do in Vejer from 20 to 27 August 2026 - Califa Vejer<\/title>\n<meta name=\"robots\" content=\"index, follow, max-snippet:-1, max-image-preview:large, max-video-preview:-1\" \/>\n<link rel=\"canonical\" href=\"https:\/\/califavejer.com\/en\/things-to-do-in-vejer-from-20-to-27-august-2026\/\" \/>\n<meta property=\"og:locale\" content=\"en_US\" \/>\n<meta property=\"og:type\" content=\"article\" \/>\n<meta property=\"og:title\" content=\"Things to do in Vejer from 20 to 27 August 2026 - Califa Vejer\" \/>\n<meta property=\"og:description\" content=\"Discover what\u2019s on in Vejer from 20 to 27 August 2026: concerts, flamenco, exhibitions, activities at Montenmedio and guided tours.\" \/>\n<meta property=\"og:url\" content=\"https:\/\/califavejer.com\/en\/things-to-do-in-vejer-from-20-to-27-august-2026\/\" \/>\n<meta property=\"og:site_name\" content=\"Califa Vejer\" \/>\n<meta property=\"article:published_time\" content=\"2026-08-20T10:33:45+00:00\" \/>\n<meta property=\"article:modified_time\" content=\"2026-08-20T11:02:18+00:00\" \/>\n<meta property=\"og:image\" content=\"https:\/\/califavejer.com\/wp-content\/uploads\/2026\/08\/Castillodevejer-scaled.jpg\" \/>\n\t<meta property=\"og:image:width\" content=\"2560\" \/>\n\t<meta property=\"og:image:height\" content=\"1440\" \/>\n\t<meta property=\"og:image:type\" content=\"image\/jpeg\" \/>\n<meta name=\"author\" content=\"Desir\u00e9e Di Nitto\" \/>\n<meta name=\"twitter:card\" content=\"summary_large_image\" \/>\n<meta name=\"twitter:label1\" content=\"Written by\" \/>\n\t<meta name=\"twitter:data1\" content=\"Desir\u00e9e Di Nitto\" \/>\n\t<meta name=\"twitter:label2\" content=\"Est. reading time\" \/>\n\t<meta name=\"twitter:data2\" content=\"5 minutes\" \/>\n<script type=\"application\/ld+json\" class=\"yoast-schema-graph\">{\"@context\":\"https:\/\/schema.org\",\"@graph\":[{\"@type\":\"Article\",\"@id\":\"https:\/\/califavejer.com\/en\/things-to-do-in-vejer-from-20-to-27-august-2026\/#article\",\"isPartOf\":{\"@id\":\"https:\/\/califavejer.com\/en\/things-to-do-in-vejer-from-20-to-27-august-2026\/\"},\"author\":{\"name\":\"Desir\u00e9e Di Nitto\",\"@id\":\"https:\/\/califavejer.com\/en\/#\/schema\/person\/230c34370dae40a873562c42a309dbfc\"},\"headline\":\"Things to do in Vejer from 20 to 27 August 2026\",\"datePublished\":\"2026-08-20T10:33:45+00:00\",\"dateModified\":\"2026-08-20T11:02:18+00:00\",\"mainEntityOfPage\":{\"@id\":\"https:\/\/califavejer.com\/en\/things-to-do-in-vejer-from-20-to-27-august-2026\/\"},\"wordCount\":1082,\"commentCount\":0,\"image\":{\"@id\":\"https:\/\/califavejer.com\/en\/things-to-do-in-vejer-from-20-to-27-august-2026\/#primaryimage\"},\"thumbnailUrl\":\"https:\/\/califavejer.com\/wp-content\/uploads\/2026\/08\/Castillodevejer-scaled.jpg\",\"articleSection\":[\"What\u2019s on\"],\"inLanguage\":\"en-US\",\"potentialAction\":[{\"@type\":\"CommentAction\",\"name\":\"Comment\",\"target\":[\"https:\/\/califavejer.com\/en\/things-to-do-in-vejer-from-20-to-27-august-2026\/#respond\"]}]},{\"@type\":\"WebPage\",\"@id\":\"https:\/\/califavejer.com\/en\/things-to-do-in-vejer-from-20-to-27-august-2026\/\",\"url\":\"https:\/\/califavejer.com\/en\/things-to-do-in-vejer-from-20-to-27-august-2026\/\",\"name\":\"Things to do in Vejer from 20 to 27 August 2026 - Califa Vejer\",\"isPartOf\":{\"@id\":\"https:\/\/califavejer.com\/en\/#website\"},\"primaryImageOfPage\":{\"@id\":\"https:\/\/califavejer.com\/en\/things-to-do-in-vejer-from-20-to-27-august-2026\/#primaryimage\"},\"image\":{\"@id\":\"https:\/\/califavejer.com\/en\/things-to-do-in-vejer-from-20-to-27-august-2026\/#primaryimage\"},\"thumbnailUrl\":\"https:\/\/califavejer.com\/wp-content\/uploads\/2026\/08\/Castillodevejer-scaled.jpg\",\"datePublished\":\"2026-08-20T10:33:45+00:00\",\"dateModified\":\"2026-08-20T11:02:18+00:00\",\"author\":{\"@id\":\"https:\/\/califavejer.com\/en\/#\/schema\/person\/230c34370dae40a873562c42a309dbfc\"},\"breadcrumb\":{\"@id\":\"https:\/\/califavejer.com\/en\/things-to-do-in-vejer-from-20-to-27-august-2026\/#breadcrumb\"},\"inLanguage\":\"en-US\",\"potentialAction\":[{\"@type\":\"ReadAction\",\"target\":[\"https:\/\/califavejer.com\/en\/things-to-do-in-vejer-from-20-to-27-august-2026\/\"]}]},{\"@type\":\"ImageObject\",\"inLanguage\":\"en-US\",\"@id\":\"https:\/\/califavejer.com\/en\/things-to-do-in-vejer-from-20-to-27-august-2026\/#primaryimage\",\"url\":\"https:\/\/califavejer.com\/wp-content\/uploads\/2026\/08\/Castillodevejer-scaled.jpg\",\"contentUrl\":\"https:\/\/califavejer.com\/wp-content\/uploads\/2026\/08\/Castillodevejer-scaled.jpg\",\"width\":2560,\"height\":1440},{\"@type\":\"BreadcrumbList\",\"@id\":\"https:\/\/califavejer.com\/en\/things-to-do-in-vejer-from-20-to-27-august-2026\/#breadcrumb\",\"itemListElement\":[{\"@type\":\"ListItem\",\"position\":1,\"name\":\"Home\",\"item\":\"https:\/\/califavejer.com\/en\/\"},{\"@type\":\"ListItem\",\"position\":2,\"name\":\"What\u2019s on\",\"item\":\"https:\/\/califavejer.com\/en\/whats-on\/\"},{\"@type\":\"ListItem\",\"position\":3,\"name\":\"Things to do in Vejer from 20 to 27 August 2026\"}]},{\"@type\":\"WebSite\",\"@id\":\"https:\/\/califavejer.com\/en\/#website\",\"url\":\"https:\/\/califavejer.com\/en\/\",\"name\":\"Califa Vejer\",\"description\":\"Specialists in quality holiday homes in Vejer Old Town\\n\",\"potentialAction\":[{\"@type\":\"SearchAction\",\"target\":{\"@type\":\"EntryPoint\",\"urlTemplate\":\"https:\/\/califavejer.com\/en\/?s={search_term_string}\"},\"query-input\":{\"@type\":\"PropertyValueSpecification\",\"valueRequired\":true,\"valueName\":\"search_term_string\"}}],\"inLanguage\":\"en-US\"},{\"@type\":\"Person\",\"@id\":\"https:\/\/califavejer.com\/en\/#\/schema\/person\/230c34370dae40a873562c42a309dbfc\",\"name\":\"Desir\u00e9e Di Nitto\",\"image\":{\"@type\":\"ImageObject\",\"inLanguage\":\"en-US\",\"@id\":\"https:\/\/califavejer.com\/en\/#\/schema\/person\/image\/\",\"url\":\"https:\/\/secure.gravatar.com\/avatar\/ced9ed578a5358621acbb1faae638cbc646a5c9f1c128c539ea844021f257234?s=96&d=mm&r=g\",\"contentUrl\":\"https:\/\/secure.gravatar.com\/avatar\/ced9ed578a5358621acbb1faae638cbc646a5c9f1c128c539ea844021f257234?s=96&d=mm&r=g\",\"caption\":\"Desir\u00e9e Di Nitto\"}}]}<\/script>\n<!-- \/ Yoast SEO plugin. -->","yoast_head_json":{"title":"Things to do in Vejer from 20 to 27 August 2026 - Califa Vejer","robots":{"index":"index","follow":"follow","max-snippet":"max-snippet:-1","max-image-preview":"max-image-preview:large","max-video-preview":"max-video-preview:-1"},"canonical":"https:\/\/califavejer.com\/en\/things-to-do-in-vejer-from-20-to-27-august-2026\/","og_locale":"en_US","og_type":"article","og_title":"Things to do in Vejer from 20 to 27 August 2026 - Califa Vejer","og_description":"Discover what\u2019s on in Vejer from 20 to 27 August 2026: concerts, flamenco, exhibitions, activities at Montenmedio and guided tours.","og_url":"https:\/\/califavejer.com\/en\/things-to-do-in-vejer-from-20-to-27-august-2026\/","og_site_name":"Califa Vejer","article_published_time":"2026-08-20T10:33:45+00:00","article_modified_time":"2026-08-20T11:02:18+00:00","og_image":[{"width":2560,"height":1440,"url":"https:\/\/califavejer.com\/wp-content\/uploads\/2026\/08\/Castillodevejer-scaled.jpg","type":"image\/jpeg"}],"author":"Desir\u00e9e Di Nitto","twitter_card":"summary_large_image","twitter_misc":{"Written by":"Desir\u00e9e Di Nitto","Est. reading time":"5 minutes"},"schema":{"@context":"https:\/\/schema.org","@graph":[{"@type":"Article","@id":"https:\/\/califavejer.com\/en\/things-to-do-in-vejer-from-20-to-27-august-2026\/#article","isPartOf":{"@id":"https:\/\/califavejer.com\/en\/things-to-do-in-vejer-from-20-to-27-august-2026\/"},"author":{"name":"Desir\u00e9e Di Nitto","@id":"https:\/\/califavejer.com\/en\/#\/schema\/person\/230c34370dae40a873562c42a309dbfc"},"headline":"Things to do in Vejer from 20 to 27 August 2026","datePublished":"2026-08-20T10:33:45+00:00","dateModified":"2026-08-20T11:02:18+00:00","mainEntityOfPage":{"@id":"https:\/\/califavejer.com\/en\/things-to-do-in-vejer-from-20-to-27-august-2026\/"},"wordCount":1082,"commentCount":0,"image":{"@id":"https:\/\/califavejer.com\/en\/things-to-do-in-vejer-from-20-to-27-august-2026\/#primaryimage"},"thumbnailUrl":"https:\/\/califavejer.com\/wp-content\/uploads\/2026\/08\/Castillodevejer-scaled.jpg","articleSection":["What\u2019s on"],"inLanguage":"en-US","potentialAction":[{"@type":"CommentAction","name":"Comment","target":["https:\/\/califavejer.com\/en\/things-to-do-in-vejer-from-20-to-27-august-2026\/#respond"]}]},{"@type":"WebPage","@id":"https:\/\/califavejer.com\/en\/things-to-do-in-vejer-from-20-to-27-august-2026\/","url":"https:\/\/califavejer.com\/en\/things-to-do-in-vejer-from-20-to-27-august-2026\/","name":"Things to do in Vejer from 20 to 27 August 2026 - Califa Vejer","isPartOf":{"@id":"https:\/\/califavejer.com\/en\/#website"},"primaryImageOfPage":{"@id":"https:\/\/califavejer.com\/en\/things-to-do-in-vejer-from-20-to-27-august-2026\/#primaryimage"},"image":{"@id":"https:\/\/califavejer.com\/en\/things-to-do-in-vejer-from-20-to-27-august-2026\/#primaryimage"},"thumbnailUrl":"https:\/\/califavejer.com\/wp-content\/uploads\/2026\/08\/Castillodevejer-scaled.jpg","datePublished":"2026-08-20T10:33:45+00:00","dateModified":"2026-08-20T11:02:18+00:00","author":{"@id":"https:\/\/califavejer.com\/en\/#\/schema\/person\/230c34370dae40a873562c42a309dbfc"},"breadcrumb":{"@id":"https:\/\/califavejer.com\/en\/things-to-do-in-vejer-from-20-to-27-august-2026\/#breadcrumb"},"inLanguage":"en-US","potentialAction":[{"@type":"ReadAction","target":["https:\/\/califavejer.com\/en\/things-to-do-in-vejer-from-20-to-27-august-2026\/"]}]},{"@type":"ImageObject","inLanguage":"en-US","@id":"https:\/\/califavejer.com\/en\/things-to-do-in-vejer-from-20-to-27-august-2026\/#primaryimage","url":"https:\/\/califavejer.com\/wp-content\/uploads\/2026\/08\/Castillodevejer-scaled.jpg","contentUrl":"https:\/\/califavejer.com\/wp-content\/uploads\/2026\/08\/Castillodevejer-scaled.jpg","width":2560,"height":1440},{"@type":"BreadcrumbList","@id":"https:\/\/califavejer.com\/en\/things-to-do-in-vejer-from-20-to-27-august-2026\/#breadcrumb","itemListElement":[{"@type":"ListItem","position":1,"name":"Home","item":"https:\/\/califavejer.com\/en\/"},{"@type":"ListItem","position":2,"name":"What\u2019s on","item":"https:\/\/califavejer.com\/en\/whats-on\/"},{"@type":"ListItem","position":3,"name":"Things to do in Vejer from 20 to 27 August 2026"}]},{"@type":"WebSite","@id":"https:\/\/califavejer.com\/en\/#website","url":"https:\/\/califavejer.com\/en\/","name":"Califa Vejer","description":"Specialists in quality holiday homes in Vejer Old Town\n","potentialAction":[{"@type":"SearchAction","target":{"@type":"EntryPoint","urlTemplate":"https:\/\/califavejer.com\/en\/?s={search_term_string}"},"query-input":{"@type":"PropertyValueSpecification","valueRequired":true,"valueName":"search_term_string"}}],"inLanguage":"en-US"},{"@type":"Person","@id":"https:\/\/califavejer.com\/en\/#\/schema\/person\/230c34370dae40a873562c42a309dbfc","name":"Desir\u00e9e Di Nitto","image":{"@type":"ImageObject","inLanguage":"en-US","@id":"https:\/\/califavejer.com\/en\/#\/schema\/person\/image\/","url":"https:\/\/secure.gravatar.com\/avatar\/ced9ed578a5358621acbb1faae638cbc646a5c9f1c128c539ea844021f257234?s=96&d=mm&r=g","contentUrl":"https:\/\/secure.gravatar.com\/avatar\/ced9ed578a5358621acbb1faae638cbc646a5c9f1c128c539ea844021f257234?s=96&d=mm&r=g","caption":"Desir\u00e9e Di Nitto"}}]}},"_links":{"self":[{"href":"https:\/\/califavejer.com\/en\/wp-json\/wp\/v2\/posts\/41140","targetHints":{"allow":["GET"]}}],"collection":[{"href":"https:\/\/califavejer.com\/en\/wp-json\/wp\/v2\/posts"}],"about":[{"href":"https:\/\/califavejer.com\/en\/wp-json\/wp\/v2\/types\/post"}],"author":[{"embeddable":true,"href":"https:\/\/califavejer.com\/en\/wp-json\/wp\/v2\/users\/10"}],"replies":[{"embeddable":true,"href":"https:\/\/califavejer.com\/en\/wp-json\/wp\/v2\/comments?post=41140"}],"version-history":[{"count":5,"href":"https:\/\/califavejer.com\/en\/wp-json\/wp\/v2\/posts\/41140\/revisions"}],"predecessor-version":[{"id":41151,"href":"https:\/\/califavejer.com\/en\/wp-json\/wp\/v2\/posts\/41140\/revisions\/41151"}],"wp:featuredmedia":[{"embeddable":true,"href":"https:\/\/califavejer.com\/en\/wp-json\/wp\/v2\/media\/41121"}],"wp:attachment":[{"href":"https:\/\/califavejer.com\/en\/wp-json\/wp\/v2\/media?parent=41140"}],"wp:term":[{"taxonomy":"category","embeddable":true,"href":"https:\/\/califavejer.com\/en\/wp-json\/wp\/v2\/categories?post=41140"},{"taxonomy":"post_tag","embeddable":true,"href":"https:\/\/califavejer.com\/en\/wp-json\/wp\/v2\/tags?post=41140"}],"curies":[{"name":"wp","href":"https:\/\/api.w.org\/{rel}","templated":true}]}}