{"id":41248,"date":"2026-08-27T18:10:05","date_gmt":"2026-08-27T16:10:05","guid":{"rendered":"https:\/\/califavejer.com\/vejer-bids-farewell-to-august-with-flamenco-art-and-evenings-outdoors-whats-on-from-27-august-to-3-september\/"},"modified":"2026-08-27T18:39:10","modified_gmt":"2026-08-27T16:39:10","slug":"vejer-bids-farewell-to-august-with-flamenco-art-and-evenings-outdoors-whats-on-from-27-august-to-3-september","status":"publish","type":"post","link":"https:\/\/califavejer.com\/en\/vejer-bids-farewell-to-august-with-flamenco-art-and-evenings-outdoors-whats-on-from-27-august-to-3-september\/","title":{"rendered":"Vejer bids farewell to August with flamenco, art and evenings outdoors: what\u2019s on from 27 August to 3 September"},"content":{"rendered":"\t\t<div data-elementor-type=\"wp-post\" data-elementor-id=\"41248\" class=\"elementor elementor-41248 elementor-41233\" data-elementor-post-type=\"post\">\n\t\t\t\t<div class=\"elementor-element elementor-element-1b4be49e e-flex e-con-boxed e-con e-parent\" data-id=\"1b4be49e\" data-element_type=\"container\" data-e-type=\"container\">\n\t\t\t\t\t<div class=\"e-con-inner\">\n\t\t\t\t<div class=\"elementor-element elementor-element-4cb1c8b4 elementor-widget elementor-widget-text-editor\" data-id=\"4cb1c8b4\" data-element_type=\"widget\" data-e-type=\"widget\" data-widget_type=\"text-editor.default\">\n\t\t\t\t<div class=\"elementor-widget-container\">\n\t\t\t\t\t\t\t\t\t<p>Vejer enters the final days of August with a week that still carries the full energy of summer. <strong>Flamenco, live music, contemporary art, evening tours and outdoor experiences<\/strong> take place across the historic centre, El Palmar and Montenmedio before September begins.<\/p>\n<p>From <strong>27 August to 3 September 2026<\/strong>, these are some of the most interesting events and activities to enjoy in Vejer and the surrounding area.<\/p>\n<h4>Thursday 27 August<\/h4>\n<p>As the sun begins to set, El Palmar fills with music once again with <strong>Negro Cherokee, Jairo de Remate and Nani Cort\u00e9s<\/strong> at Chiringuito El Arenal, and <strong>Mirrorball<\/strong> at El Pico de la Ola.<\/p>\n<p>Back in Vejer, at 9 pm, discover a different side of the town with <strong>La Noche Oscura de Vejer<\/strong>, the guided tour with live singing by Marimantas Vejer. At 9.30 pm, Taberna Flamenca Caragato welcomes <strong>Nano de Marbella<\/strong>.<\/p>\n<h4>Friday 28 August<\/h4>\n<p>Dance comes to the <strong>Teatro Municipal San Francisco<\/strong> with <em>Falla en Movimiento<\/em>, performed by the Ballet Joven de C\u00e1diz, at 9 pm. Admission is free.<\/p>\n<p>One of the week&#8217;s most distinctive experiences takes place at 10 pm at the <strong>Fundaci\u00f3n Montenmedio Contempor\u00e1nea<\/strong>, with a <strong>guided visit under the full moon<\/strong>. The activity costs \u20ac30 and advance booking is essential.<\/p>\n<p>At the same time, the Antigua Iglesia del Rosario hosts an evening of flamenco with <strong>Alejandro Silva on vocals, Beatriz Santiago dancing and Juan Antonio G\u00f3mez on guitar<\/strong>, with free admission.<\/p>\n<p>In El Palmar, sunset comes with its own soundtrack courtesy of <strong>La Fabi &amp; Zambullo<\/strong> at El Arenal and <strong>Son de Bares<\/strong> at El Pico de la Ola.<\/p>\n<h4>Saturday 29 August<\/h4>\n<p>Saturday offers plenty to do from early in the day. At 10 am, Montenmedio Contempor\u00e1nea hosts <strong>Yoga en el Museo<\/strong>, while the Bre\u00f1a y Marismas del Barbate Natural Park offers a <strong>guided visit to the Torre del Tajo<\/strong> from 10 am to 2 pm.<\/p>\n<figure id=\"attachment_41235\" aria-describedby=\"caption-attachment-41235\" style=\"width: 961px\" class=\"wp-caption aligncenter\"><img fetchpriority=\"high\" decoding=\"async\" class=\"wp-image-41234 size-full\" src=\"https:\/\/califavejer.com\/wp-content\/uploads\/2026\/08\/Cartel-YOGA.png\" alt=\"\" width=\"961\" height=\"1201\" srcset=\"https:\/\/califavejer.com\/wp-content\/uploads\/2026\/08\/Cartel-YOGA.png 961w, https:\/\/califavejer.com\/wp-content\/uploads\/2026\/08\/Cartel-YOGA-240x300.png 240w, https:\/\/califavejer.com\/wp-content\/uploads\/2026\/08\/Cartel-YOGA-819x1024.png 819w, https:\/\/califavejer.com\/wp-content\/uploads\/2026\/08\/Cartel-YOGA-768x960.png 768w\" sizes=\"(max-width: 961px) 100vw, 961px\" \/><figcaption id=\"caption-attachment-41235\" class=\"wp-caption-text\">Yoga en el Museo at Montenmedio.<\/figcaption><\/figure>\n<p>At sunset, Fundaci\u00f3n Montenmedio offers the chance to experience one of its most distinctive works with a <strong>visit to James Turrell&#8217;s light sequence<\/strong>, an approximately 40-minute experience designed to transform the perception of light and space.<\/p>\n<p>Also at sunset, Chiringuito El Arenal welcomes <strong>Remedios Amaya<\/strong>.<\/p>\n<p>The evening continues in Vejer with <em>La Noche Oscura de Vejer<\/em> at 9 pm and, at 10 pm, flamenco at the Antigua Iglesia del Rosario with <strong>Agust\u00edn Manche\u00f1o on vocals, Melisa Pic\u00f3n Rivero dancing and David de la Jeroma on guitar<\/strong>. In La Muela, <strong>Palomy L\u00f3pez<\/strong> performs at Bar Carupsso at 10 pm.<\/p>\n<h4>Sunday 30 August<\/h4>\n<p>Sunday is another good opportunity to visit the <strong>Bre\u00f1a y Marismas del Barbate Natural Park<\/strong>, with another guided visit to the Torre del Tajo from 10 am to 2 pm.<\/p>\n<p>At sunset, visitors can once again experience <strong>James Turrell&#8217;s light sequence<\/strong> at Montenmedio Contempor\u00e1nea.<\/p>\n<p>In El Palmar, summer begins to draw to a close with a <strong>farewell party featuring guest artists at El Arenal<\/strong>, while <strong>Four Monkeys<\/strong> perform at El Pico de la Ola.<\/p>\n<p>In the evening, the guided tour with live singing, <em>La Noche Oscura de Vejer<\/em>, continues, departing from Plaza de Espa\u00f1a at 9 pm.<\/p>\n<figure id=\"attachment_41237\" aria-describedby=\"caption-attachment-41237\" style=\"width: 2048px\" class=\"wp-caption aligncenter\"><img decoding=\"async\" class=\"wp-image-41236 size-full\" src=\"https:\/\/califavejer.com\/wp-content\/uploads\/2026\/08\/Hotel-Califa-Kiko-08.24-44.jpg\" alt=\"\" width=\"2048\" height=\"1365\" srcset=\"https:\/\/califavejer.com\/wp-content\/uploads\/2026\/08\/Hotel-Califa-Kiko-08.24-44.jpg 2048w, https:\/\/califavejer.com\/wp-content\/uploads\/2026\/08\/Hotel-Califa-Kiko-08.24-44-300x200.jpg 300w, https:\/\/califavejer.com\/wp-content\/uploads\/2026\/08\/Hotel-Califa-Kiko-08.24-44-1024x683.jpg 1024w, https:\/\/califavejer.com\/wp-content\/uploads\/2026\/08\/Hotel-Califa-Kiko-08.24-44-768x512.jpg 768w, https:\/\/califavejer.com\/wp-content\/uploads\/2026\/08\/Hotel-Califa-Kiko-08.24-44-1536x1024.jpg 1536w\" sizes=\"(max-width: 2048px) 100vw, 2048px\" \/><figcaption id=\"caption-attachment-41237\" class=\"wp-caption-text\">Evening atmosphere in Plaza de Espa\u00f1a.<\/figcaption><\/figure>\n<h4>Monday 31 August<\/h4>\n<p>The final day of the month continues with guided tours through Vejer&#8217;s historic centre, with both <strong>Vejer Freetours<\/strong> and <strong>Vejer Tour<\/strong>.<\/p>\n<p>In El Palmar, <strong>Diego de Gloria<\/strong> performs at sunset at El Pico de la Ola. At 9 pm, <em>La Noche Oscura de Vejer<\/em> once again departs from Plaza de Espa\u00f1a.<\/p>\n<p>It is also the final day to visit some of the temporary exhibitions that have accompanied the month of August.<\/p>\n<h4>Tuesday 1 September<\/h4>\n<p>September begins with further opportunities to explore Vejer&#8217;s historic quarter through the different guided tours scheduled throughout the morning and afternoon.<\/p>\n<p>From 8 pm, the <strong>Pe\u00f1a Cultural Flamenca<\/strong>, on Calle Rosario, hosts its <strong>flamenco gathering<\/strong>.<\/p>\n<p>At 9 pm, <em>La Noche Oscura de Vejer<\/em> takes place once again, offering a different way to discover the town&#8217;s stories and legends after sunset.<\/p>\n<h4>Wednesday 2 September<\/h4>\n<p>On Wednesday, the <strong>Teatro Municipal San Francisco<\/strong> hosts a <strong>screening of the short film <em>\u00c1ngel<\/em>, by Gary Hamill<\/strong>, at 7.45 pm. The screening will be followed by a flamenco performance by <strong>Diego de Gloria<\/strong>.<\/p>\n<p>Guided tours through the historic centre and <em>La Noche Oscura de Vejer<\/em> complete the day&#8217;s programme.<\/p>\n<h4>Thursday 3 September<\/h4>\n<p>The week ends as it began, with the <strong>El Chorrillo street market<\/strong>, from 9 am to 2 pm.<\/p>\n<p>Throughout the day, guided tours exploring Vejer&#8217;s historic quarter will continue and, at 9 pm, there will be another opportunity to join <em>La Noche Oscura de Vejer<\/em>.<\/p>\n<h3>Art and exhibitions to round off the week<\/h3>\n<p>Beyond the daily programme, several temporary exhibitions can still be visited over the coming days.<\/p>\n<p>Until <strong>30 August<\/strong>, the Museum of History and Archaeology of Vejer hosts <em>La misma orilla, dos tiempos<\/em>, by <strong>Carlos Monta\u00f1o and Mar\u00eda Ponce<\/strong>, while <em>Entorno<\/em>, by <strong>Juan Manuel Basallote and Antonio Larrubia<\/strong>, can be seen until <strong>31 August<\/strong>.<\/p>\n<p>The Centro de las Artes Antigua Iglesia del Rosario continues to host the photography and illustration exhibition <em>Flamencas ilustradas<\/em>, by <strong>Isa de la Calle and Susana Subirana<\/strong>, until the end of August.<\/p>\n<p>And for those looking to combine culture and nature, the <strong>Fundaci\u00f3n Montenmedio Contempor\u00e1nea<\/strong> remains one of the essential places to visit around Vejer, with its sculpture park integrated into the landscape of the Dehesa de Montenmedio.<\/p>\n<p>A week to say goodbye to August between town and coast, combining flamenco, art, walks, nature and those final summer evenings that still invite you to enjoy Vejer outdoors.<\/p>\n<p><em>The programme may be subject to change. For activities requiring advance booking, we recommend checking availability directly with the organiser.<\/em><\/p>\n\t\t\t\t\t\t\t\t<\/div>\n\t\t\t\t<\/div>\n\t\t\t\t\t<\/div>\n\t\t\t\t<\/div>\n\t\t<div class=\"elementor-element elementor-element-5ec8346 e-flex e-con-boxed e-con e-parent\" data-id=\"5ec8346\" data-element_type=\"container\" data-e-type=\"container\">\n\t\t\t\t\t<div class=\"e-con-inner\">\n\t\t\t\t<div class=\"elementor-element elementor-element-a2156a7 elementor-align-center elementor-widget elementor-widget-button\" data-id=\"a2156a7\" data-element_type=\"widget\" data-e-type=\"widget\" data-widget_type=\"button.default\">\n\t\t\t\t<div class=\"elementor-widget-container\">\n\t\t\t\t\t\t\t\t\t<div class=\"elementor-button-wrapper\">\n\t\t\t\t\t<a class=\"elementor-button elementor-button-link elementor-size-sm\" href=\"https:\/\/turismovejer.es\/wp-content\/uploads\/2026\/08\/From-27th-August-to-the-03rd-September-2026.pdf\">\n\t\t\t\t\t\t<span class=\"elementor-button-content-wrapper\">\n\t\t\t\t\t\t\t\t\t<span class=\"elementor-button-text\">Download the agenda<\/span>\n\t\t\t\t\t<\/span>\n\t\t\t\t\t<\/a>\n\t\t\t\t<\/div>\n\t\t\t\t\t\t\t\t<\/div>\n\t\t\t\t<\/div>\n\t\t\t\t\t<\/div>\n\t\t\t\t<\/div>\n\t\t\t\t<\/div>\n\t\t","protected":false},"excerpt":{"rendered":"<p>Vejer bids farewell to August and welcomes September with a packed programme of flamenco, live music, art, guided tours and outdoor experiences. Discover the main events and activities taking place from 27 August to 3 September 2026.<\/p>\n","protected":false},"author":10,"featured_media":41239,"comment_status":"open","ping_status":"open","sticky":false,"template":"","format":"standard","meta":{"footnotes":""},"categories":[441],"tags":[],"class_list":["post-41248","post","type-post","status-publish","format-standard","has-post-thumbnail","hentry","category-whats-on"],"yoast_head":"<!-- This site is optimized with the Yoast SEO plugin v26.8 - https:\/\/yoast.com\/product\/yoast-seo-wordpress\/ -->\n<title>Vejer bids farewell to August with flamenco, art and evenings outdoors: what\u2019s on from 27 August to 3 September - Califa Vejer<\/title>\n<meta name=\"robots\" content=\"index, follow, max-snippet:-1, max-image-preview:large, max-video-preview:-1\" \/>\n<link rel=\"canonical\" href=\"https:\/\/califavejer.com\/en\/vejer-bids-farewell-to-august-with-flamenco-art-and-evenings-outdoors-whats-on-from-27-august-to-3-september\/\" \/>\n<meta property=\"og:locale\" content=\"en_US\" \/>\n<meta property=\"og:type\" content=\"article\" \/>\n<meta property=\"og:title\" content=\"Vejer bids farewell to August with flamenco, art and evenings outdoors: what\u2019s on from 27 August to 3 September - Califa Vejer\" \/>\n<meta property=\"og:description\" content=\"Vejer bids farewell to August and welcomes September with a packed programme of flamenco, live music, art, guided tours and outdoor experiences. Discover the main events and activities taking place from 27 August to 3 September 2026.\" \/>\n<meta property=\"og:url\" content=\"https:\/\/califavejer.com\/en\/vejer-bids-farewell-to-august-with-flamenco-art-and-evenings-outdoors-whats-on-from-27-august-to-3-september\/\" \/>\n<meta property=\"og:site_name\" content=\"Califa Vejer\" \/>\n<meta property=\"article:published_time\" content=\"2026-08-27T16:10:05+00:00\" \/>\n<meta property=\"article:modified_time\" content=\"2026-08-27T16:39:10+00:00\" \/>\n<meta property=\"og:image\" content=\"https:\/\/califavejer.com\/wp-content\/uploads\/2026\/08\/Iglesia_divino_salvador_2-scaled.jpg\" \/>\n\t<meta property=\"og:image:width\" content=\"2560\" \/>\n\t<meta property=\"og:image:height\" content=\"1710\" \/>\n\t<meta property=\"og:image:type\" content=\"image\/jpeg\" \/>\n<meta name=\"author\" content=\"Desir\u00e9e Di Nitto\" \/>\n<meta name=\"twitter:card\" content=\"summary_large_image\" \/>\n<meta name=\"twitter:label1\" content=\"Written by\" \/>\n\t<meta name=\"twitter:data1\" content=\"Desir\u00e9e Di Nitto\" \/>\n\t<meta name=\"twitter:label2\" content=\"Est. reading time\" \/>\n\t<meta name=\"twitter:data2\" content=\"5 minutes\" \/>\n<script type=\"application\/ld+json\" class=\"yoast-schema-graph\">{\"@context\":\"https:\/\/schema.org\",\"@graph\":[{\"@type\":\"Article\",\"@id\":\"https:\/\/califavejer.com\/en\/vejer-bids-farewell-to-august-with-flamenco-art-and-evenings-outdoors-whats-on-from-27-august-to-3-september\/#article\",\"isPartOf\":{\"@id\":\"https:\/\/califavejer.com\/en\/vejer-bids-farewell-to-august-with-flamenco-art-and-evenings-outdoors-whats-on-from-27-august-to-3-september\/\"},\"author\":{\"name\":\"Desir\u00e9e Di Nitto\",\"@id\":\"https:\/\/califavejer.com\/en\/#\/schema\/person\/230c34370dae40a873562c42a309dbfc\"},\"headline\":\"Vejer bids farewell to August with flamenco, art and evenings outdoors: what\u2019s on from 27 August to 3 September\",\"datePublished\":\"2026-08-27T16:10:05+00:00\",\"dateModified\":\"2026-08-27T16:39:10+00:00\",\"mainEntityOfPage\":{\"@id\":\"https:\/\/califavejer.com\/en\/vejer-bids-farewell-to-august-with-flamenco-art-and-evenings-outdoors-whats-on-from-27-august-to-3-september\/\"},\"wordCount\":966,\"commentCount\":0,\"image\":{\"@id\":\"https:\/\/califavejer.com\/en\/vejer-bids-farewell-to-august-with-flamenco-art-and-evenings-outdoors-whats-on-from-27-august-to-3-september\/#primaryimage\"},\"thumbnailUrl\":\"https:\/\/califavejer.com\/wp-content\/uploads\/2026\/08\/Iglesia_divino_salvador_2-scaled.jpg\",\"articleSection\":[\"What\u2019s on\"],\"inLanguage\":\"en-US\",\"potentialAction\":[{\"@type\":\"CommentAction\",\"name\":\"Comment\",\"target\":[\"https:\/\/califavejer.com\/en\/vejer-bids-farewell-to-august-with-flamenco-art-and-evenings-outdoors-whats-on-from-27-august-to-3-september\/#respond\"]}]},{\"@type\":\"WebPage\",\"@id\":\"https:\/\/califavejer.com\/en\/vejer-bids-farewell-to-august-with-flamenco-art-and-evenings-outdoors-whats-on-from-27-august-to-3-september\/\",\"url\":\"https:\/\/califavejer.com\/en\/vejer-bids-farewell-to-august-with-flamenco-art-and-evenings-outdoors-whats-on-from-27-august-to-3-september\/\",\"name\":\"Vejer bids farewell to August with flamenco, art and evenings outdoors: what\u2019s on from 27 August to 3 September - Califa Vejer\",\"isPartOf\":{\"@id\":\"https:\/\/califavejer.com\/en\/#website\"},\"primaryImageOfPage\":{\"@id\":\"https:\/\/califavejer.com\/en\/vejer-bids-farewell-to-august-with-flamenco-art-and-evenings-outdoors-whats-on-from-27-august-to-3-september\/#primaryimage\"},\"image\":{\"@id\":\"https:\/\/califavejer.com\/en\/vejer-bids-farewell-to-august-with-flamenco-art-and-evenings-outdoors-whats-on-from-27-august-to-3-september\/#primaryimage\"},\"thumbnailUrl\":\"https:\/\/califavejer.com\/wp-content\/uploads\/2026\/08\/Iglesia_divino_salvador_2-scaled.jpg\",\"datePublished\":\"2026-08-27T16:10:05+00:00\",\"dateModified\":\"2026-08-27T16:39:10+00:00\",\"author\":{\"@id\":\"https:\/\/califavejer.com\/en\/#\/schema\/person\/230c34370dae40a873562c42a309dbfc\"},\"breadcrumb\":{\"@id\":\"https:\/\/califavejer.com\/en\/vejer-bids-farewell-to-august-with-flamenco-art-and-evenings-outdoors-whats-on-from-27-august-to-3-september\/#breadcrumb\"},\"inLanguage\":\"en-US\",\"potentialAction\":[{\"@type\":\"ReadAction\",\"target\":[\"https:\/\/califavejer.com\/en\/vejer-bids-farewell-to-august-with-flamenco-art-and-evenings-outdoors-whats-on-from-27-august-to-3-september\/\"]}]},{\"@type\":\"ImageObject\",\"inLanguage\":\"en-US\",\"@id\":\"https:\/\/califavejer.com\/en\/vejer-bids-farewell-to-august-with-flamenco-art-and-evenings-outdoors-whats-on-from-27-august-to-3-september\/#primaryimage\",\"url\":\"https:\/\/califavejer.com\/wp-content\/uploads\/2026\/08\/Iglesia_divino_salvador_2-scaled.jpg\",\"contentUrl\":\"https:\/\/califavejer.com\/wp-content\/uploads\/2026\/08\/Iglesia_divino_salvador_2-scaled.jpg\",\"width\":2560,\"height\":1710},{\"@type\":\"BreadcrumbList\",\"@id\":\"https:\/\/califavejer.com\/en\/vejer-bids-farewell-to-august-with-flamenco-art-and-evenings-outdoors-whats-on-from-27-august-to-3-september\/#breadcrumb\",\"itemListElement\":[{\"@type\":\"ListItem\",\"position\":1,\"name\":\"Home\",\"item\":\"https:\/\/califavejer.com\/en\/\"},{\"@type\":\"ListItem\",\"position\":2,\"name\":\"What\u2019s on\",\"item\":\"https:\/\/califavejer.com\/en\/whats-on\/\"},{\"@type\":\"ListItem\",\"position\":3,\"name\":\"Vejer bids farewell to August with flamenco, art and evenings outdoors: what\u2019s on from 27 August to 3 September\"}]},{\"@type\":\"WebSite\",\"@id\":\"https:\/\/califavejer.com\/en\/#website\",\"url\":\"https:\/\/califavejer.com\/en\/\",\"name\":\"Califa Vejer\",\"description\":\"Specialists in quality holiday homes in Vejer Old Town\\n\",\"potentialAction\":[{\"@type\":\"SearchAction\",\"target\":{\"@type\":\"EntryPoint\",\"urlTemplate\":\"https:\/\/califavejer.com\/en\/?s={search_term_string}\"},\"query-input\":{\"@type\":\"PropertyValueSpecification\",\"valueRequired\":true,\"valueName\":\"search_term_string\"}}],\"inLanguage\":\"en-US\"},{\"@type\":\"Person\",\"@id\":\"https:\/\/califavejer.com\/en\/#\/schema\/person\/230c34370dae40a873562c42a309dbfc\",\"name\":\"Desir\u00e9e Di Nitto\",\"image\":{\"@type\":\"ImageObject\",\"inLanguage\":\"en-US\",\"@id\":\"https:\/\/califavejer.com\/en\/#\/schema\/person\/image\/\",\"url\":\"https:\/\/secure.gravatar.com\/avatar\/ced9ed578a5358621acbb1faae638cbc646a5c9f1c128c539ea844021f257234?s=96&d=mm&r=g\",\"contentUrl\":\"https:\/\/secure.gravatar.com\/avatar\/ced9ed578a5358621acbb1faae638cbc646a5c9f1c128c539ea844021f257234?s=96&d=mm&r=g\",\"caption\":\"Desir\u00e9e Di Nitto\"}}]}<\/script>\n<!-- \/ Yoast SEO plugin. -->","yoast_head_json":{"title":"Vejer bids farewell to August with flamenco, art and evenings outdoors: what\u2019s on from 27 August to 3 September - Califa Vejer","robots":{"index":"index","follow":"follow","max-snippet":"max-snippet:-1","max-image-preview":"max-image-preview:large","max-video-preview":"max-video-preview:-1"},"canonical":"https:\/\/califavejer.com\/en\/vejer-bids-farewell-to-august-with-flamenco-art-and-evenings-outdoors-whats-on-from-27-august-to-3-september\/","og_locale":"en_US","og_type":"article","og_title":"Vejer bids farewell to August with flamenco, art and evenings outdoors: what\u2019s on from 27 August to 3 September - Califa Vejer","og_description":"Vejer bids farewell to August and welcomes September with a packed programme of flamenco, live music, art, guided tours and outdoor experiences. Discover the main events and activities taking place from 27 August to 3 September 2026.","og_url":"https:\/\/califavejer.com\/en\/vejer-bids-farewell-to-august-with-flamenco-art-and-evenings-outdoors-whats-on-from-27-august-to-3-september\/","og_site_name":"Califa Vejer","article_published_time":"2026-08-27T16:10:05+00:00","article_modified_time":"2026-08-27T16:39:10+00:00","og_image":[{"width":2560,"height":1710,"url":"https:\/\/califavejer.com\/wp-content\/uploads\/2026\/08\/Iglesia_divino_salvador_2-scaled.jpg","type":"image\/jpeg"}],"author":"Desir\u00e9e Di Nitto","twitter_card":"summary_large_image","twitter_misc":{"Written by":"Desir\u00e9e Di Nitto","Est. reading time":"5 minutes"},"schema":{"@context":"https:\/\/schema.org","@graph":[{"@type":"Article","@id":"https:\/\/califavejer.com\/en\/vejer-bids-farewell-to-august-with-flamenco-art-and-evenings-outdoors-whats-on-from-27-august-to-3-september\/#article","isPartOf":{"@id":"https:\/\/califavejer.com\/en\/vejer-bids-farewell-to-august-with-flamenco-art-and-evenings-outdoors-whats-on-from-27-august-to-3-september\/"},"author":{"name":"Desir\u00e9e Di Nitto","@id":"https:\/\/califavejer.com\/en\/#\/schema\/person\/230c34370dae40a873562c42a309dbfc"},"headline":"Vejer bids farewell to August with flamenco, art and evenings outdoors: what\u2019s on from 27 August to 3 September","datePublished":"2026-08-27T16:10:05+00:00","dateModified":"2026-08-27T16:39:10+00:00","mainEntityOfPage":{"@id":"https:\/\/califavejer.com\/en\/vejer-bids-farewell-to-august-with-flamenco-art-and-evenings-outdoors-whats-on-from-27-august-to-3-september\/"},"wordCount":966,"commentCount":0,"image":{"@id":"https:\/\/califavejer.com\/en\/vejer-bids-farewell-to-august-with-flamenco-art-and-evenings-outdoors-whats-on-from-27-august-to-3-september\/#primaryimage"},"thumbnailUrl":"https:\/\/califavejer.com\/wp-content\/uploads\/2026\/08\/Iglesia_divino_salvador_2-scaled.jpg","articleSection":["What\u2019s on"],"inLanguage":"en-US","potentialAction":[{"@type":"CommentAction","name":"Comment","target":["https:\/\/califavejer.com\/en\/vejer-bids-farewell-to-august-with-flamenco-art-and-evenings-outdoors-whats-on-from-27-august-to-3-september\/#respond"]}]},{"@type":"WebPage","@id":"https:\/\/califavejer.com\/en\/vejer-bids-farewell-to-august-with-flamenco-art-and-evenings-outdoors-whats-on-from-27-august-to-3-september\/","url":"https:\/\/califavejer.com\/en\/vejer-bids-farewell-to-august-with-flamenco-art-and-evenings-outdoors-whats-on-from-27-august-to-3-september\/","name":"Vejer bids farewell to August with flamenco, art and evenings outdoors: what\u2019s on from 27 August to 3 September - Califa Vejer","isPartOf":{"@id":"https:\/\/califavejer.com\/en\/#website"},"primaryImageOfPage":{"@id":"https:\/\/califavejer.com\/en\/vejer-bids-farewell-to-august-with-flamenco-art-and-evenings-outdoors-whats-on-from-27-august-to-3-september\/#primaryimage"},"image":{"@id":"https:\/\/califavejer.com\/en\/vejer-bids-farewell-to-august-with-flamenco-art-and-evenings-outdoors-whats-on-from-27-august-to-3-september\/#primaryimage"},"thumbnailUrl":"https:\/\/califavejer.com\/wp-content\/uploads\/2026\/08\/Iglesia_divino_salvador_2-scaled.jpg","datePublished":"2026-08-27T16:10:05+00:00","dateModified":"2026-08-27T16:39:10+00:00","author":{"@id":"https:\/\/califavejer.com\/en\/#\/schema\/person\/230c34370dae40a873562c42a309dbfc"},"breadcrumb":{"@id":"https:\/\/califavejer.com\/en\/vejer-bids-farewell-to-august-with-flamenco-art-and-evenings-outdoors-whats-on-from-27-august-to-3-september\/#breadcrumb"},"inLanguage":"en-US","potentialAction":[{"@type":"ReadAction","target":["https:\/\/califavejer.com\/en\/vejer-bids-farewell-to-august-with-flamenco-art-and-evenings-outdoors-whats-on-from-27-august-to-3-september\/"]}]},{"@type":"ImageObject","inLanguage":"en-US","@id":"https:\/\/califavejer.com\/en\/vejer-bids-farewell-to-august-with-flamenco-art-and-evenings-outdoors-whats-on-from-27-august-to-3-september\/#primaryimage","url":"https:\/\/califavejer.com\/wp-content\/uploads\/2026\/08\/Iglesia_divino_salvador_2-scaled.jpg","contentUrl":"https:\/\/califavejer.com\/wp-content\/uploads\/2026\/08\/Iglesia_divino_salvador_2-scaled.jpg","width":2560,"height":1710},{"@type":"BreadcrumbList","@id":"https:\/\/califavejer.com\/en\/vejer-bids-farewell-to-august-with-flamenco-art-and-evenings-outdoors-whats-on-from-27-august-to-3-september\/#breadcrumb","itemListElement":[{"@type":"ListItem","position":1,"name":"Home","item":"https:\/\/califavejer.com\/en\/"},{"@type":"ListItem","position":2,"name":"What\u2019s on","item":"https:\/\/califavejer.com\/en\/whats-on\/"},{"@type":"ListItem","position":3,"name":"Vejer bids farewell to August with flamenco, art and evenings outdoors: what\u2019s on from 27 August to 3 September"}]},{"@type":"WebSite","@id":"https:\/\/califavejer.com\/en\/#website","url":"https:\/\/califavejer.com\/en\/","name":"Califa Vejer","description":"Specialists in quality holiday homes in Vejer Old Town\n","potentialAction":[{"@type":"SearchAction","target":{"@type":"EntryPoint","urlTemplate":"https:\/\/califavejer.com\/en\/?s={search_term_string}"},"query-input":{"@type":"PropertyValueSpecification","valueRequired":true,"valueName":"search_term_string"}}],"inLanguage":"en-US"},{"@type":"Person","@id":"https:\/\/califavejer.com\/en\/#\/schema\/person\/230c34370dae40a873562c42a309dbfc","name":"Desir\u00e9e Di Nitto","image":{"@type":"ImageObject","inLanguage":"en-US","@id":"https:\/\/califavejer.com\/en\/#\/schema\/person\/image\/","url":"https:\/\/secure.gravatar.com\/avatar\/ced9ed578a5358621acbb1faae638cbc646a5c9f1c128c539ea844021f257234?s=96&d=mm&r=g","contentUrl":"https:\/\/secure.gravatar.com\/avatar\/ced9ed578a5358621acbb1faae638cbc646a5c9f1c128c539ea844021f257234?s=96&d=mm&r=g","caption":"Desir\u00e9e Di Nitto"}}]}},"_links":{"self":[{"href":"https:\/\/califavejer.com\/en\/wp-json\/wp\/v2\/posts\/41248","targetHints":{"allow":["GET"]}}],"collection":[{"href":"https:\/\/califavejer.com\/en\/wp-json\/wp\/v2\/posts"}],"about":[{"href":"https:\/\/califavejer.com\/en\/wp-json\/wp\/v2\/types\/post"}],"author":[{"embeddable":true,"href":"https:\/\/califavejer.com\/en\/wp-json\/wp\/v2\/users\/10"}],"replies":[{"embeddable":true,"href":"https:\/\/califavejer.com\/en\/wp-json\/wp\/v2\/comments?post=41248"}],"version-history":[{"count":2,"href":"https:\/\/califavejer.com\/en\/wp-json\/wp\/v2\/posts\/41248\/revisions"}],"predecessor-version":[{"id":41253,"href":"https:\/\/califavejer.com\/en\/wp-json\/wp\/v2\/posts\/41248\/revisions\/41253"}],"wp:featuredmedia":[{"embeddable":true,"href":"https:\/\/califavejer.com\/en\/wp-json\/wp\/v2\/media\/41239"}],"wp:attachment":[{"href":"https:\/\/califavejer.com\/en\/wp-json\/wp\/v2\/media?parent=41248"}],"wp:term":[{"taxonomy":"category","embeddable":true,"href":"https:\/\/califavejer.com\/en\/wp-json\/wp\/v2\/categories?post=41248"},{"taxonomy":"post_tag","embeddable":true,"href":"https:\/\/califavejer.com\/en\/wp-json\/wp\/v2\/tags?post=41248"}],"curies":[{"name":"wp","href":"https:\/\/api.w.org\/{rel}","templated":true}]}}